{"id":1725,"date":"2026-03-29T17:55:48","date_gmt":"2026-03-29T15:55:48","guid":{"rendered":"https:\/\/eclipse-inclusivo.ice.csic.es\/?p=1725"},"modified":"2026-03-29T17:59:39","modified_gmt":"2026-03-29T15:59:39","slug":"taller-sol-y-eclipses-espaiciencia-jornades-cientifiques-de-mataro","status":"publish","type":"post","link":"https:\/\/eclipse-inclusivo.ice.csic.es\/ca\/taller-sol-y-eclipses-espaiciencia-jornades-cientifiques-de-mataro\/","title":{"rendered":"Taller Sol i Eclipses | Jornades Cient\u00edfiques de Matar\u00f3"},"content":{"rendered":"<div class=\"wp-block-cover alignfull is-light\" style=\"min-height:200px;aspect-ratio:unset;\"><img fetchpriority=\"high\" decoding=\"async\" width=\"3841\" height=\"601\" class=\"wp-block-cover__image-background wp-image-1150 size-full\" alt=\"\" src=\"https:\/\/eclipse-inclusivo.ice.csic.es\/wp-content\/uploads\/2025\/10\/SECCION-DESKTOP.png\" data-object-fit=\"cover\"\/><span aria-hidden=\"true\" class=\"wp-block-cover__background has-background-dim-0 has-background-dim\"><\/span><div class=\"wp-block-cover__inner-container is-layout-constrained wp-block-cover-is-layout-constrained\">\n<h1 class=\"wp-block-heading alignwide\">Esdeveniments<\/h1>\n<\/div><\/div>\n\n\n\n<div style=\"height:100px\" aria-hidden=\"true\" class=\"wp-block-spacer\"><\/div>\n\n\n\n<h1 class=\"wp-block-heading alignwide\">Taller Sol i Eclipses | Jornades Cient\u00edfiques de Matar\u00f3<\/h1>\n\n\n\n<h3 class=\"wp-block-heading\">11 Abril 2026<\/h3>\n\n\n\n<h3 class=\"wp-block-heading\">Lloc: Matar\u00f3<\/h3>\n\n\n\n<figure class=\"wp-block-image size-full\"><img decoding=\"async\" width=\"1116\" height=\"606\" src=\"https:\/\/eclipse-inclusivo.ice.csic.es\/wp-content\/uploads\/2026\/03\/mataro.png\" alt=\"\" class=\"wp-image-1726\"\/><\/figure>\n\n\n\n<p>El projecte Eclipse Inclusiu participar\u00e0 amb un estand a les Jornades Cient\u00edfiques de Matar\u00f3 l'11 d'abril.<\/p>\n\n\n\n<p>M\u00e9s informaci\u00f3 <a href=\"https:\/\/sites.google.com\/xtec.cat\/jornadescientifiquesdemataro\/\">https:\/\/sites.google.com\/xtec.cat\/jornadescientifiquesdemataro\/<\/a><\/p>\n\n\n\n<p><\/p>\n\n\n\n<p><\/p>","protected":false},"excerpt":{"rendered":"<p>11 abril 2026<\/p>","protected":false},"author":1,"featured_media":1726,"comment_status":"closed","ping_status":"closed","sticky":false,"template":"","format":"standard","meta":{"_acf_changed":false,"neve_meta_sidebar":"","neve_meta_container":"full-width","neve_meta_enable_content_width":"off","neve_meta_content_width":0,"neve_meta_title_alignment":"","neve_meta_author_avatar":"","neve_post_elements_order":"[\"content\"]","neve_meta_disable_header":"","neve_meta_disable_footer":"","neve_meta_disable_title":"","_themeisle_gutenberg_block_has_review":false,"_jetpack_memberships_contains_paid_content":false,"footnotes":""},"categories":[15],"tags":[],"class_list":["post-1725","post","type-post","status-publish","format-standard","has-post-thumbnail","hentry","category-eventos"],"acf":[],"jetpack_featured_media_url":"https:\/\/eclipse-inclusivo.ice.csic.es\/wp-content\/uploads\/2026\/03\/mataro.png","jetpack_sharing_enabled":true,"_links":{"self":[{"href":"https:\/\/eclipse-inclusivo.ice.csic.es\/ca\/wp-json\/wp\/v2\/posts\/1725","targetHints":{"allow":["GET"]}}],"collection":[{"href":"https:\/\/eclipse-inclusivo.ice.csic.es\/ca\/wp-json\/wp\/v2\/posts"}],"about":[{"href":"https:\/\/eclipse-inclusivo.ice.csic.es\/ca\/wp-json\/wp\/v2\/types\/post"}],"author":[{"embeddable":true,"href":"https:\/\/eclipse-inclusivo.ice.csic.es\/ca\/wp-json\/wp\/v2\/users\/1"}],"replies":[{"embeddable":true,"href":"https:\/\/eclipse-inclusivo.ice.csic.es\/ca\/wp-json\/wp\/v2\/comments?post=1725"}],"version-history":[{"count":2,"href":"https:\/\/eclipse-inclusivo.ice.csic.es\/ca\/wp-json\/wp\/v2\/posts\/1725\/revisions"}],"predecessor-version":[{"id":1732,"href":"https:\/\/eclipse-inclusivo.ice.csic.es\/ca\/wp-json\/wp\/v2\/posts\/1725\/revisions\/1732"}],"wp:featuredmedia":[{"embeddable":true,"href":"https:\/\/eclipse-inclusivo.ice.csic.es\/ca\/wp-json\/wp\/v2\/media\/1726"}],"wp:attachment":[{"href":"https:\/\/eclipse-inclusivo.ice.csic.es\/ca\/wp-json\/wp\/v2\/media?parent=1725"}],"wp:term":[{"taxonomy":"category","embeddable":true,"href":"https:\/\/eclipse-inclusivo.ice.csic.es\/ca\/wp-json\/wp\/v2\/categories?post=1725"},{"taxonomy":"post_tag","embeddable":true,"href":"https:\/\/eclipse-inclusivo.ice.csic.es\/ca\/wp-json\/wp\/v2\/tags?post=1725"}],"curies":[{"name":"wp","href":"https:\/\/api.w.org\/{rel}","templated":true}]}}